{"id":5094,"date":"2026-02-04T03:26:06","date_gmt":"2026-02-04T03:26:06","guid":{"rendered":"https:\/\/tiengduc1kem1.edu.vn\/index.php\/2026\/02\/04\/0410-beauty-hairline-profesjonalny-skup-wlosow-z-ponad-dekada-na-rynku\/"},"modified":"2026-02-04T03:26:06","modified_gmt":"2026-02-04T03:26:06","slug":"0410-beauty-hairline-profesjonalny-skup-wlosow-z-ponad-dekada-na-rynku","status":"publish","type":"post","link":"https:\/\/tiengduc1kem1.edu.vn\/index.php\/2026\/02\/04\/0410-beauty-hairline-profesjonalny-skup-wlosow-z-ponad-dekada-na-rynku\/","title":{"rendered":"BEAUTY HAIRLINE \u2013 Profesjonalny Skup W\u0142os\u00f3w z Ponad Dekad\u0105 Na Rynku"},"content":{"rendered":"<h2>Firma Beauty Hairline \u2013 <a href=\"https:\/\/beautyhairline.pl\/\" rel=\"noopener noreferrer\" target=\"_blank\">Wiod\u0105cy Skup W\u0142os\u00f3w<\/a> z Ponad Dekad\u0105 Na Rynku<\/h2>\n<p><\/p>\n<p>Region lubelski, 02.02.2026 \u2013 BEAUTY HAIRLINE, wiod\u0105ca firma zajmuj\u0105ca si\u0119 skupem w\u0142os\u00f3w, potwierdza rozw\u00f3j us\u0142ug na terenie Polski. Z 13-letnim do\u015bwiadczeniem na rynku, buduj\u0105c lojaln\u0105 baz\u0119 klient\u00f3w dzi\u0119ki najwy\u017cszym cenom na rynku i profesjonalnej obs\u0142udze.<\/p>\n<p><\/p>\n<p><img decoding=\"async\" src=\"https:\/\/beautyhairline.pl\/wp-content\/uploads\/2022\/04\/hairline04.jpg\"><\/p>\n<p><\/p>\n<h2>Konkurencyjne Wyceny i B\u0142yskawiczne Rozliczenia<\/h2>\n<p><\/p>\n<p>Firma zapewnia najkorzystniejsze wyceny za w\u0142osy naturalne na polskim rynku. Wyceny w\u0142os\u00f3w s\u0105 nast\u0119puj\u0105ce:<\/p>\n<p><\/p>\n<p>\u2022 40-centymetrowe w\u0142osy: 4 500 &#8211; 8 000 z\u0142\/kg<\/p>\n<p>\u2022 50-centymetrowe w\u0142osy: 11 000 &#8211; 15 000 z\u0142\/kg<\/p>\n<p>\u2022 Pasma 60 cm: 14 000 &#8211; 17 000 z\u0142\/kg<\/p>\n<p>\u2022 W\u0142osy 70 cm i d\u0142u\u017csze: 16 000 &#8211; 22 000 z\u0142\/kg<\/p>\n<p><\/p>\n<p>\u201eGwarantujemy uczciwe wyceny&#8221; \u2013 zaznacza rzecznik firmy BEAUTY HAIRLINE. \u201eP\u0142atno\u015bci realizujemy tego samego lub nast\u0119pnego dnia po akceptacji wyceny&#8221;.<\/p>\n<p><\/p>\n<h2>Trzy Wygodne Formy Skupu<\/h2>\n<p><\/p>\n<p>Przedsi\u0119biorstwo zapewnia trzy opcje realizacji transakcji:<\/p>\n<p><\/p>\n<p>1. <strong>Skupowanie w salonie <\/strong>\u2013 klienci mog\u0105 przyj\u015b\u0107 do salonu przy ul. Ludwika Zalewskiego 3 w Lublinie. Wycena i wyp\u0142ata nast\u0119puj\u0105 natychmiast.<\/p>\n<p><\/p>\n<p>2. <strong>Sprzeda\u017c przez wysy\u0142k\u0119<\/strong> \u2013 mo\u017cliwo\u015b\u0107 wysy\u0142ki pasm na adres: skup w Niedrzwicy Du\u017cej. Po otrzymaniu przesy\u0142ki, w\u0142osy s\u0105 wyceniane i informuje o cenie. W przypadku braku akceptacji, zwrot nast\u0119puje na koszt Beauty Hairline.<\/p>\n<p><\/p>\n<p>3. <strong>Us\u0142uga mobilna <\/strong>\u2013 ekskluzywna us\u0142uga, przedsi\u0119biorstwo umo\u017cliwia dojazd do klienta. Wycena i p\u0142atno\u015b\u0107 odbywaj\u0105 si\u0119 na miejscu.<\/p>\n<p><\/p>\n<h2>Bezp\u0142atne Ci\u0119cie W\u0142os\u00f3w<\/h2>\n<p><\/p>\n<p>Wyj\u0105tkow\u0105 korzy\u015bci\u0105 us\u0142ug przedsi\u0119biorstwa jest bezp\u0142atne profesjonalne ci\u0119cie w\u0142os\u00f3w przy transakcji. \u201eZapewniamy zar\u00f3wno dobr\u0105 cen\u0119&#8221;, a tak\u017ce upragnion\u0105 zmian\u0119 wizerunku \u2013 precyzuje reprezentant.<\/p>\n<p><\/p>\n<h2>Kryteria Skupu<\/h2>\n<p><\/p>\n<p>Beauty Hairline skupuje naturalne pasma o d\u0142ugo\u015bci minimum 40 cm (w\u0142osy farbowane od 50 cm). Przyjmowane s\u0105 ka\u017cda struktura w\u0142osa. Podstawowym warunkiem jest czysto\u015b\u0107 i dobra kondycja kosmyk\u00f3w.<\/p>\n<p><\/p>\n<p>\u201eW\u0142osy musz\u0105 by\u0107 czyste, zadbane i prawid\u0142owo obci\u0119te&#8221; \u2013 informuje Beauty Hairline. Na portalu beautyhairline.pl znajduje si\u0119 dok\u0142adny przewodnik, jak prawid\u0142owo obci\u0105\u0107 i przygotowa\u0107 w\u0142osy do skupu.<\/p>\n<p><\/p>\n<h2>Natychmiastowa Estymacja Ceny<\/h2>\n<p><\/p>\n<p>W serwisie Beauty Hairline zamieszczono interaktywny kalkulator, umo\u017cliwiaj\u0105cy sprawdzi\u0107 cen\u0119 pasm w kilka sekund. Wystarczy uzupe\u0142ni\u0107 d\u0142ugo\u015b\u0107, wag\u0119 i kolor, a narz\u0119dzie wy\u015bwietli orientacyjn\u0105 cen\u0119.<\/p>\n<p><\/p>\n<p>\u201eNa przyk\u0142ad&#8221;, pasma 40 cm wa\u017c\u0105ce 200 g mog\u0105 osi\u0105gn\u0105\u0107 warto\u015b\u0107 1 200 z\u0142. Ponadto, w\u0142osy w odcieniu jasnego blond s\u0105 wyceniane z premi\u0119 20-30%.<\/p>\n<p><\/p>\n<h2>Kontakt i Lokalizacja<\/h2>\n<p><\/p>\n<p>Beauty Hairline zach\u0119ca do kontaktu:<\/p>\n<p><\/p>\n<p>\ud83d\udccd Siedziba: ul. Ludwika Zalewskiego 3 w Lublinie<\/p>\n<p>\ud83d\udccd Adres skupu wysy\u0142kowego: ul. Piaskowa 46, 24-220 Niedrzwica Du\u017ca<\/p>\n<p>\ud83d\udce7 E-mail: info@beautyhairline.pl<\/p>\n<p>\ud83c\udf10 Strona www: beautyhairline.pl<\/p>\n<p><\/p>\n<p><strong>Kiedy jeste\u015bmy dost\u0119pni:<\/strong><\/p>\n<p>Poniedzia\u0142ek \u2013 Pi\u0105tek: 09:00 \u2013 17:00<\/p>\n<p>Sob: 09:00 \u2013 14:00<\/p>\n<p>Niedziela: Nieczynne<\/p>\n<p><\/p>\n<h2>Kim Jeste\u015bmy<\/h2>\n<p><\/p>\n<p>Firma Beauty Hairline jest aktywna od ponad 13 lat. Dzi\u0119ki transparentnym zasadom, b\u0142yskawicznym rozliczeniom i wysokiej jako\u015bci obs\u0142udze, Beauty Hairline zyska\u0142o uznanie klient\u00f3w na terenie ca\u0142ego kraju.<\/p>\n<p><\/p>\n<p>\u201eZale\u017cy nam na zadowoleniu klienta&#8221; \u2013 podsumowuje reprezentant. \u201eTo tak\u017ce szansa dla os\u00f3b, borykaj\u0105cych si\u0119 z problemami onkologicznymi. Ka\u017cdy skup niesie realn\u0105 pomoc&#8221;.<\/p>\n<p><\/p>\n<p>&#8212;<\/p>\n<p><\/p>\n<p><strong>Kontakt dla medi\u00f3w:<\/strong><\/p>\n<p>\ud83d\udce7 info@beautyhairline.pl<\/p>\n<p>\ud83d\udcde Kontakt telefoniczny<\/p>\n<p>\ud83c\udf10 beautyhairline.pl<\/p>\n<p><iframe loading=\"lazy\" class=\"ql-video\" frameborder=\"0\" allowfullscreen=\"true\"  src=\"https:\/\/www.google.com\/maps\/embed?pb=!1m14!1m8!1m3!1d4414.473526566534!2d22.540679!3d51.196362!3m2!1i1024!2i768!4f13.1!3m3!1m2!1s0x4722575eb32fccab%3A0x5185dd46d7a6548f!2sBEAUTY%20HAIRLINE%20Skup%20w%C5%82os%C3%B3w!5e1!3m2!1spl!2spl!4v1770134768134!5m2!1spl!2spl\"  height=\"450\" width=\"600\" rel=\"noopener\"><\/iframe><\/p>\n<p><\/p>\n<p><\/p>\n<p><\/p>\n","protected":false},"excerpt":{"rendered":"<p>Firma Beauty Hairline \u2013 Wiod\u0105cy Skup W\u0142os\u00f3w z Ponad Dekad\u0105 Na Rynku Region lubelski, 02.02.2026 \u2013 BEAUTY HAIRLINE, wiod\u0105ca firma zajmuj\u0105ca si\u0119 skupem w\u0142os\u00f3w, potwierdza rozw\u00f3j us\u0142ug na terenie Polski. Z 13-letnim do\u015bwiadczeniem na rynku, buduj\u0105c lojaln\u0105 baz\u0119 klient\u00f3w dzi\u0119ki najwy\u017cszym cenom na rynku i profesjonalnej obs\u0142udze. Konkurencyjne Wyceny i B\u0142yskawiczne Rozliczenia Firma zapewnia najkorzystniejsze [&#8230;]\n","protected":false},"author":1,"featured_media":0,"comment_status":"open","ping_status":"open","sticky":false,"template":"","format":"standard","meta":{"footnotes":""},"categories":[1],"tags":[],"class_list":["post-5094","post","type-post","status-publish","format-standard","hentry","category-khong-phan-loai"],"_links":{"self":[{"href":"https:\/\/tiengduc1kem1.edu.vn\/index.php\/wp-json\/wp\/v2\/posts\/5094","targetHints":{"allow":["GET"]}}],"collection":[{"href":"https:\/\/tiengduc1kem1.edu.vn\/index.php\/wp-json\/wp\/v2\/posts"}],"about":[{"href":"https:\/\/tiengduc1kem1.edu.vn\/index.php\/wp-json\/wp\/v2\/types\/post"}],"author":[{"embeddable":true,"href":"https:\/\/tiengduc1kem1.edu.vn\/index.php\/wp-json\/wp\/v2\/users\/1"}],"replies":[{"embeddable":true,"href":"https:\/\/tiengduc1kem1.edu.vn\/index.php\/wp-json\/wp\/v2\/comments?post=5094"}],"version-history":[{"count":0,"href":"https:\/\/tiengduc1kem1.edu.vn\/index.php\/wp-json\/wp\/v2\/posts\/5094\/revisions"}],"wp:attachment":[{"href":"https:\/\/tiengduc1kem1.edu.vn\/index.php\/wp-json\/wp\/v2\/media?parent=5094"}],"wp:term":[{"taxonomy":"category","embeddable":true,"href":"https:\/\/tiengduc1kem1.edu.vn\/index.php\/wp-json\/wp\/v2\/categories?post=5094"},{"taxonomy":"post_tag","embeddable":true,"href":"https:\/\/tiengduc1kem1.edu.vn\/index.php\/wp-json\/wp\/v2\/tags?post=5094"}],"curies":[{"name":"wp","href":"https:\/\/api.w.org\/{rel}","templated":true}]}}